  {"id":90170,"date":"2020-10-06T01:17:30","date_gmt":"2020-10-06T09:17:30","guid":{"rendered":"https:\/\/www.solargard.com\/?p=90170"},"modified":"2020-11-19T06:54:27","modified_gmt":"2020-11-19T14:54:27","slug":"reunion-prescription-a-metz","status":"publish","type":"post","link":"https:\/\/www.solargard.com\/fr\/blog-fr\/reunion-prescription-a-metz\/","title":{"rendered":"\u00ab\u00a0Tour de France ÁñÁ«¿¿±ÈÍøÕ¾\u00a0\u00bb \u00e0 Metz"},"content":{"rendered":"<p><img loading=\"lazy\" decoding=\"async\" class=\"aligncenter wp-image-90223 size-full\" src=\"https:\/\/www.solargard.com\/wp-content\/uploads\/2020\/10\/metz-event-tour-de-france-cv.jpg\" alt=\"\" width=\"1200\" height=\"701\" srcset=\"https:\/\/www.solargard.com\/wp-content\/uploads\/2020\/10\/metz-event-tour-de-france-cv.jpg 1200w, https:\/\/www.solargard.com\/wp-content\/uploads\/2020\/10\/metz-event-tour-de-france-cv-300x175.jpg 300w, https:\/\/www.solargard.com\/wp-content\/uploads\/2020\/10\/metz-event-tour-de-france-cv-1024x598.jpg 1024w, https:\/\/www.solargard.com\/wp-content\/uploads\/2020\/10\/metz-event-tour-de-france-cv-768x449.jpg 768w, https:\/\/www.solargard.com\/wp-content\/uploads\/2020\/10\/metz-event-tour-de-france-cv-163x95.jpg 163w, https:\/\/www.solargard.com\/wp-content\/uploads\/2020\/10\/metz-event-tour-de-france-cv-600x351.jpg 600w\" sizes=\"auto, (max-width: 1200px) 100vw, 1200px\" \/><\/p>\n<h3><span style=\"color: #333333;\">Le\u00a0\u00ab Tour de France \u00bb organis\u00e9e par notre partenaire <a style=\"color: #333333;\" href=\"https:\/\/www.ideesplusconcept.fr\/\" target=\"_blank\" rel=\"noopener noreferrer\">IDEES PLUS CONCEPT<\/a> continue !<\/span><\/h3>\n<p>SOLAR GARD, <a href=\"https:\/\/www.linkedin.com\/in\/claude-verniory-91ba6855\/\" target=\"_blank\" rel=\"noopener noreferrer\">Claude Verniory<\/a>, notre responsable de march\u00e9 national a eu le plaisir d\u2019exposer devant une quarantaine de prescripteur notre offre SAINT-GOBAIN SOLAR GARD. Gilles Meyer, commercial de <strong><a href=\"http:\/\/www.ory.fr\/films.php\" target=\"_blank\" rel=\"noopener noreferrer\">la soci\u00e9t\u00e9 ORY<\/a><\/strong>, notre PREMIUM PARTNER sur la r\u00e9gion a pris des contacts int\u00e9ressants.<\/p>\n<p><em>La r\u00e9union prescription \u00e0 Metz, 5 octobre 2020, en photos :<\/em><\/p>\n<p><img loading=\"lazy\" decoding=\"async\" class=\"aligncenter size-full wp-image-90256\" src=\"https:\/\/www.solargard.com\/wp-content\/uploads\/2020\/10\/METZ-5-OCT-20-1.jpg\" alt=\"\" width=\"1200\" height=\"419\" srcset=\"https:\/\/www.solargard.com\/wp-content\/uploads\/2020\/10\/METZ-5-OCT-20-1.jpg 1200w, https:\/\/www.solargard.com\/wp-content\/uploads\/2020\/10\/METZ-5-OCT-20-1-300x105.jpg 300w, https:\/\/www.solargard.com\/wp-content\/uploads\/2020\/10\/METZ-5-OCT-20-1-1024x358.jpg 1024w, https:\/\/www.solargard.com\/wp-content\/uploads\/2020\/10\/METZ-5-OCT-20-1-768x268.jpg 768w, https:\/\/www.solargard.com\/wp-content\/uploads\/2020\/10\/METZ-5-OCT-20-1-190x66.jpg 190w, https:\/\/www.solargard.com\/wp-content\/uploads\/2020\/10\/METZ-5-OCT-20-1-600x210.jpg 600w\" sizes=\"auto, (max-width: 1200px) 100vw, 1200px\" \/>Le tour de France continu, prochaine conf\u00e9rence : Mulhouse !<\/p>\n<hr \/>\n<h3><span style=\"color: #15668f;\">Les dates et lieux 2020<\/span><\/h3>\n<p>14 sept \u2013 Bordeaux<br \/>\n5 oct \u2013 Metz<br \/>\n7 oct \u2013 Mulhouse<br \/>\n15 oct \u2013 Paris<br \/>\n18 nov \u2013 Marseille<br \/>\n25 nov \u2013 Saint Etienne<\/p>\n<hr \/>\n<p>Des architectes et des thermiciens ont d\u00e9couvert que nos solutions d\u2019am\u00e9lioration des performances du verre ont du sens. Rien que sur le plan \u00e9cologique, \u00e9viter de changer une fen\u00eatre en bon \u00e9tat en am\u00e9liorant la performance du verre est une sage d\u00e9cision. C\u2019est aussi une solution \u00e9conomique, bref, que de nombreux avantages.<\/p>\n<p>Les films SAINT-GOBAIN SOLAR GARD apportent<\/p>\n<ul>\n<li>plus de confort d\u2019\u00e9t\u00e9,<\/li>\n<li>de confort d\u2019hiver,<\/li>\n<li>de tranquillit\u00e9 d\u2019esprit avec les solutions de s\u00e9curit\u00e9 et anti graffiti.<\/li>\n<\/ul>\n<p><span>Les invit\u00e9s ont appr\u00e9ci\u00e9s la qualit\u00e9 de nos films sous avis technique du <strong>CSTB<\/strong>, des \u00e9tudes technique \u00ab Vitrages D\u00e9cision \u00bb du <strong>CEBTP<\/strong> permettant de connaitre le coefficient d\u2019am\u00e9lioration de la performance de vitrage et le respect du DTU 39 ainsi que le s\u00e9rieux de notre r\u00e9seau d\u2019applicateurs <strong>Premium Partner ! <\/strong><\/span><a href=\"https:\/\/www.solargard.com\/fr\/premium-partners\/\">www.solargard.com\/fr\/premium-partners\/<\/a><\/p>\n<p>Consulter vite notre site internet <a href=\"https:\/\/www.solargard.com\/fr\">www.solargard.com\/fr<\/a> et n\u2019h\u00e9sitez pas \u00e0 contacter Claude Verniory\u00a0: <a href=\"mailto:claude.verniory@saint-gobain.com\">claude.verniory@saint-gobain.com<\/a><\/p>\n<p>&nbsp;<\/p>\n","protected":false},"excerpt":{"rendered":"<p>Le\u00a0\u00ab Tour de France \u00bb organis\u00e9e par notre partenaire IDEES PLUS CONCEPT continue ! SOLAR GARD, Claude Verniory, notre responsable de march\u00e9 national a eu le plaisir d\u2019exposer devant une quarantaine de prescripteur notre offre SAINT-GOBAIN SOLAR GARD. Gilles Meyer, commercial de la soci\u00e9t\u00e9 ORY, notre PREMIUM PARTNER sur la r\u00e9gion a pris des contacts &hellip; <a href=\"https:\/\/www.solargard.com\/fr\/blog-fr\/reunion-prescription-a-metz\/\">Continued<\/a><\/p>\n","protected":false},"author":3,"featured_media":90238,"comment_status":"open","ping_status":"open","sticky":false,"template":"","format":"standard","meta":{"_acf_changed":false,"footnotes":""},"categories":[1739,2],"tags":[],"class_list":["post-90170","post","type-post","status-publish","format-standard","has-post-thumbnail","hentry","category-in-the-news-fr","category-blog-fr"],"acf":[],"_links":{"self":[{"href":"https:\/\/www.solargard.com\/fr\/wp-json\/wp\/v2\/posts\/90170","targetHints":{"allow":["GET"]}}],"collection":[{"href":"https:\/\/www.solargard.com\/fr\/wp-json\/wp\/v2\/posts"}],"about":[{"href":"https:\/\/www.solargard.com\/fr\/wp-json\/wp\/v2\/types\/post"}],"author":[{"embeddable":true,"href":"https:\/\/www.solargard.com\/fr\/wp-json\/wp\/v2\/users\/3"}],"replies":[{"embeddable":true,"href":"https:\/\/www.solargard.com\/fr\/wp-json\/wp\/v2\/comments?post=90170"}],"version-history":[{"count":0,"href":"https:\/\/www.solargard.com\/fr\/wp-json\/wp\/v2\/posts\/90170\/revisions"}],"wp:featuredmedia":[{"embeddable":true,"href":"https:\/\/www.solargard.com\/fr\/wp-json\/wp\/v2\/media\/90238"}],"wp:attachment":[{"href":"https:\/\/www.solargard.com\/fr\/wp-json\/wp\/v2\/media?parent=90170"}],"wp:term":[{"taxonomy":"category","embeddable":true,"href":"https:\/\/www.solargard.com\/fr\/wp-json\/wp\/v2\/categories?post=90170"},{"taxonomy":"post_tag","embeddable":true,"href":"https:\/\/www.solargard.com\/fr\/wp-json\/wp\/v2\/tags?post=90170"}],"curies":[{"name":"wp","href":"https:\/\/api.w.org\/{rel}","templated":true}]}}